{"id":93,"date":"2020-09-20T13:31:33","date_gmt":"2020-09-20T13:31:33","guid":{"rendered":"http:\/\/ipasbcity.de\/?p=93"},"modified":"2020-09-21T13:37:44","modified_gmt":"2020-09-21T13:37:44","slug":"mitgliederversammlung-und-skitour-soelden-2020","status":"publish","type":"post","link":"http:\/\/ipasbcity.de\/?p=93","title":{"rendered":"Mitgliederversammlung und Skitour S\u00f6lden 2020"},"content":{"rendered":"\n<p>Nach ausgiebigen Beratungen und einer Bewertung der aktuellen Situation wird die Mitgliederversammlung, urspr\u00fcnglich angesetzt f\u00fcr den 12.11.2020, im herk\u00f6mmlichen Sinne abgesagt. Eine Mitgliederinformation \u00fcber die derzeitigen Aktivit\u00e4ten unserer Ipa wird schriftlich verfasst und jedem pers\u00f6nlich zugesandt. Eine Teilnahme\/eine Diskussion zu den Themen darf gerne angesto\u00dfen werden. Einfach ein Vorstandsmitglied kontaktieren.<\/p>\n\n\n\n<p><\/p>\n\n\n\n<p>In diesem Zug muss weiter mitgeteilt werden, dass auch die diesj\u00e4hrige Skitour nach S\u00f6lden abgesagt werden muss.<\/p>\n\n\n\n<p><\/p>\n\n\n\n<p>Neue Konzepte f\u00fcr zuk\u00fcnftige Veranstaltungen werden bereits ausgearbeitet.<\/p>\n","protected":false},"excerpt":{"rendered":"<p>Nach ausgiebigen Beratungen und einer Bewertung der aktuellen Situation wird die Mitgliederversammlung, urspr\u00fcnglich angesetzt f\u00fcr den 12.11.2020, im herk\u00f6mmlichen Sinne abgesagt. Eine Mitgliederinformation \u00fcber die derzeitigen Aktivit\u00e4ten unserer Ipa wird schriftlich verfasst und jedem pers\u00f6nlich zugesandt. Eine Teilnahme\/eine Diskussion zu den Themen darf gerne angesto\u00dfen werden. Einfach ein Vorstandsmitglied kontaktieren. In diesem Zug muss weiter [&hellip;]<\/p>\n","protected":false},"author":1,"featured_media":0,"comment_status":"closed","ping_status":"closed","sticky":false,"template":"","format":"standard","meta":{"footnotes":""},"categories":[],"tags":[],"class_list":["post-93","post","type-post","status-publish","format-standard","hentry"],"_links":{"self":[{"href":"http:\/\/ipasbcity.de\/index.php?rest_route=\/wp\/v2\/posts\/93","targetHints":{"allow":["GET"]}}],"collection":[{"href":"http:\/\/ipasbcity.de\/index.php?rest_route=\/wp\/v2\/posts"}],"about":[{"href":"http:\/\/ipasbcity.de\/index.php?rest_route=\/wp\/v2\/types\/post"}],"author":[{"embeddable":true,"href":"http:\/\/ipasbcity.de\/index.php?rest_route=\/wp\/v2\/users\/1"}],"replies":[{"embeddable":true,"href":"http:\/\/ipasbcity.de\/index.php?rest_route=%2Fwp%2Fv2%2Fcomments&post=93"}],"version-history":[{"count":4,"href":"http:\/\/ipasbcity.de\/index.php?rest_route=\/wp\/v2\/posts\/93\/revisions"}],"predecessor-version":[{"id":97,"href":"http:\/\/ipasbcity.de\/index.php?rest_route=\/wp\/v2\/posts\/93\/revisions\/97"}],"wp:attachment":[{"href":"http:\/\/ipasbcity.de\/index.php?rest_route=%2Fwp%2Fv2%2Fmedia&parent=93"}],"wp:term":[{"taxonomy":"category","embeddable":true,"href":"http:\/\/ipasbcity.de\/index.php?rest_route=%2Fwp%2Fv2%2Fcategories&post=93"},{"taxonomy":"post_tag","embeddable":true,"href":"http:\/\/ipasbcity.de\/index.php?rest_route=%2Fwp%2Fv2%2Ftags&post=93"}],"curies":[{"name":"wp","href":"https:\/\/api.w.org\/{rel}","templated":true}]}}