{"id":110,"date":"2021-03-12T21:52:53","date_gmt":"2021-03-12T21:52:53","guid":{"rendered":"http:\/\/ipasbcity.de\/?p=110"},"modified":"2021-03-12T21:53:27","modified_gmt":"2021-03-12T21:53:27","slug":"mitgliederinformation","status":"publish","type":"post","link":"http:\/\/ipasbcity.de\/?p=110","title":{"rendered":"Mitgliederinformation"},"content":{"rendered":"\n<p>Diese E-Mail wird von der IPA-Bundesgesch\u00e4ftsstelle per Massmail \u00fcber die NDV an den Gesch\u00e4ftsf\u00fchrenden Bundesvorstand sowie an die Funktion\u00e4re der Landesgruppen und der Verbindungsstellen gesandt.&nbsp;<\/p>\n\n\n\n<p>Az.: 2212\/Bi\/ki<\/p>\n\n\n\n<p>Liebe Freundinnen und Freunde in den Landesgruppen und Verbindungsstellen,<\/p>\n\n\n\n<p>der Bundesvorstand der IPA Deutsche Sektion hat in seiner Videokonferenz am 6. M\u00e4rz 2021 beschlossen, den in das Jahr 2021 verschobenen Kongress 2020, coronabedingt in das Jahr 2022 zu verschieben. Da zum Zeitpunkt dieser Entscheidung unsere Vereinszeitung IPA-Aktuell bereits im Druck war, wird in dem Journal sowohl in meinem Vorwort als auch bei der Kandidatenvorstellung vom bevorstehenden Kongress im Juni berichtet. Um ganz vielen R\u00fcckfragen verunsicherter IPA-Freundinnen und Freunden entgegenzuwirken, w\u00fcrde ich Euch bitten diese meine Information an alle Mitglieder zu steuern. Derzeit wird mit dem Kongresshotel Esperanto in Fulda \u00fcber einen neuen Termin verhandelt!<\/p>\n\n\n\n<p>Danke f\u00fcr Eure Bem\u00fchungen.<\/p>\n\n\n\n<p>Bleibt sch\u00f6n gesund!<\/p>\n\n\n\n<p>Euer<\/p>\n\n\n\n<p>Horst W. Bichl<\/p>\n\n\n\n<p>(Pr\u00e4sident IPA-Deutschland)<\/p>\n","protected":false},"excerpt":{"rendered":"<p>Diese E-Mail wird von der IPA-Bundesgesch\u00e4ftsstelle per Massmail \u00fcber die NDV an den Gesch\u00e4ftsf\u00fchrenden Bundesvorstand sowie an die Funktion\u00e4re der Landesgruppen und der Verbindungsstellen gesandt.&nbsp; Az.: 2212\/Bi\/ki Liebe Freundinnen und Freunde in den Landesgruppen und Verbindungsstellen, der Bundesvorstand der IPA Deutsche Sektion hat in seiner Videokonferenz am 6. M\u00e4rz 2021 beschlossen, den in das Jahr [&hellip;]<\/p>\n","protected":false},"author":1,"featured_media":0,"comment_status":"closed","ping_status":"closed","sticky":false,"template":"","format":"standard","meta":{"footnotes":""},"categories":[],"tags":[],"class_list":["post-110","post","type-post","status-publish","format-standard","hentry"],"_links":{"self":[{"href":"http:\/\/ipasbcity.de\/index.php?rest_route=\/wp\/v2\/posts\/110","targetHints":{"allow":["GET"]}}],"collection":[{"href":"http:\/\/ipasbcity.de\/index.php?rest_route=\/wp\/v2\/posts"}],"about":[{"href":"http:\/\/ipasbcity.de\/index.php?rest_route=\/wp\/v2\/types\/post"}],"author":[{"embeddable":true,"href":"http:\/\/ipasbcity.de\/index.php?rest_route=\/wp\/v2\/users\/1"}],"replies":[{"embeddable":true,"href":"http:\/\/ipasbcity.de\/index.php?rest_route=%2Fwp%2Fv2%2Fcomments&post=110"}],"version-history":[{"count":1,"href":"http:\/\/ipasbcity.de\/index.php?rest_route=\/wp\/v2\/posts\/110\/revisions"}],"predecessor-version":[{"id":111,"href":"http:\/\/ipasbcity.de\/index.php?rest_route=\/wp\/v2\/posts\/110\/revisions\/111"}],"wp:attachment":[{"href":"http:\/\/ipasbcity.de\/index.php?rest_route=%2Fwp%2Fv2%2Fmedia&parent=110"}],"wp:term":[{"taxonomy":"category","embeddable":true,"href":"http:\/\/ipasbcity.de\/index.php?rest_route=%2Fwp%2Fv2%2Fcategories&post=110"},{"taxonomy":"post_tag","embeddable":true,"href":"http:\/\/ipasbcity.de\/index.php?rest_route=%2Fwp%2Fv2%2Ftags&post=110"}],"curies":[{"name":"wp","href":"https:\/\/api.w.org\/{rel}","templated":true}]}}